{"id":4105,"date":"2026-03-11T18:10:35","date_gmt":"2026-03-11T17:10:35","guid":{"rendered":"https:\/\/jayjayma.de\/?p=4105"},"modified":"2026-03-20T18:03:16","modified_gmt":"2026-03-20T17:03:16","slug":"vernissage-mandala-ausstellung-hamburg","status":"publish","type":"post","link":"https:\/\/jayjayma.de\/en\/2026\/03\/11\/vernissage-mandala-ausstellung-hamburg\/","title":{"rendered":"Vernissage in der Kirche \u2013 ein Nachmittag voller Begegnungen"},"content":{"rendered":"<p>Man wei\u00df vorher nie so genau, wie eine Vernissage wird. Man plant, h\u00e4ngt Bilder auf, richtet die Werke aus, stellt Licht ein, \u00fcberlegt sich ein paar Worte f\u00fcr die Er\u00f6ffnung \u2013 und dann kommt der Moment, an dem sich die T\u00fcr \u00f6ffnet und die ersten Besucher hereinkommen.<\/p>\n\n\n\n<p>Letzten Samstag war es so weit. Und ich kann schon jetzt sagen: Es war ein ganz besonderer Nachmittag.<\/p>\n\n\n\n<p><\/p>\n\n\n\n<h3 class=\"wp-block-heading\">Ein ungew\u00f6hnlicher Ausstellungsort<\/h3>\n\n\n\n<p>Die Ausstellung findet in der <strong>Simon-Petrus-Kirche in Hamburg-Poppenb\u00fcttel<\/strong> statt \u2013 und dieser Ort hat eine ganz eigene Atmosph\u00e4re. Der Bau ist besonders: Viele Glasbausteine in unterschiedlichen Farben lassen das Licht auf eine Weise in den Raum fallen, die sich im Laufe des Tages immer wieder ver\u00e4ndert.<\/p>\n\n\n\n<figure class=\"wp-block-image aligncenter size-large is-resized\"><img loading=\"lazy\" decoding=\"async\" width=\"1024\" height=\"576\" src=\"https:\/\/jayjayma.de\/wp-content\/uploads\/2026\/03\/WhatsApp-Image-2026-03-12-at-17.01.35-1-1024x576.jpeg\" alt=\"\" class=\"wp-image-4109\" style=\"width:450px\" srcset=\"https:\/\/jayjayma.de\/wp-content\/uploads\/2026\/03\/WhatsApp-Image-2026-03-12-at-17.01.35-1-980x551.jpeg 980w, https:\/\/jayjayma.de\/wp-content\/uploads\/2026\/03\/WhatsApp-Image-2026-03-12-at-17.01.35-1-480x270.jpeg 480w\" sizes=\"(min-width: 0px) and (max-width: 480px) 480px, (min-width: 481px) and (max-width: 980px) 980px, (min-width: 981px) 1024px, 100vw\" \/><figcaption class=\"wp-element-caption\"><em>Foto: Pascal Meyer-James                        <\/em><\/figcaption><\/figure>\n\n\n\n<p>Als w\u00e4hrend der Vernissage die Sonne durch diese farbigen Glasfl\u00e4chen strahlte, entstanden \u00fcberall im Raum kleine Farbspiele. Es war fast so, als w\u00fcrde das Licht selbst Teil der Ausstellung werden. Und ich dachte mehr als einmal: Wie wundersch\u00f6n das zu den Mandalas passt!<\/p>\n\n\n\n<p><\/p>\n\n\n\n<h3 class=\"wp-block-heading\">Wenn Besucher stehen bleiben<\/h3>\n\n\n\n<p>Als die ersten G\u00e4ste eintrafen, entstand genau das, was ich mir f\u00fcr diese Ausstellung gew\u00fcnscht hatte: Menschen, die stehen bleiben. Manche gingen ganz nah an die Bilder heran, andere betrachteten sie aus ein paar Schritten Entfernung. Viele nahmen sich Zeit, lie\u00dfen den Blick \u00fcber die Muster wandern und entdeckten Details.<\/p>\n\n\n\n<figure class=\"wp-block-image aligncenter size-large is-resized is-style-default\"><img loading=\"lazy\" decoding=\"async\" width=\"1829\" height=\"1219\" src=\"https:\/\/jayjayma.de\/wp-content\/uploads\/2026\/03\/64-Mandala-65-edited.jpg\" alt=\"\" class=\"wp-image-4114\" style=\"aspect-ratio:1.4993026102302809;object-fit:cover;width:450px\" srcset=\"https:\/\/jayjayma.de\/wp-content\/uploads\/2026\/03\/64-Mandala-65-edited.jpg 1829w, https:\/\/jayjayma.de\/wp-content\/uploads\/2026\/03\/64-Mandala-65-edited-1280x853.jpg 1280w, https:\/\/jayjayma.de\/wp-content\/uploads\/2026\/03\/64-Mandala-65-edited-980x653.jpg 980w, https:\/\/jayjayma.de\/wp-content\/uploads\/2026\/03\/64-Mandala-65-edited-480x320.jpg 480w\" sizes=\"(min-width: 0px) and (max-width: 480px) 480px, (min-width: 481px) and (max-width: 980px) 980px, (min-width: 981px) and (max-width: 1280px) 1280px, (min-width: 1281px) 1829px, 100vw\" \/><figcaption class=\"wp-element-caption\"><em>Foto: <a href=\"https:\/\/www.instagram.com\/elenanowak.fotografie\">Elena Nowak Fotografie<\/a><\/em><\/figcaption><\/figure>\n\n\n\n<p>Immer wieder h\u00f6rte ich S\u00e4tze wie: \u201eJe l\u00e4nger man schaut, desto mehr sieht man.\u201c Oder: \u201eDie wirken ganz unterschiedlich, je nachdem, wo man steht.\u201c<\/p>\n\n\n\n<p><\/p>\n\n\n\n<h3 class=\"wp-block-heading\">Die Er\u00f6ffnung \u2013 zum Gl\u00fcck als Interview<\/h3>\n\n\n\n<p>Irgendwann kommt bei einer Vernissage der Moment der offiziellen Er\u00f6ffnung. Fakt ist: Ich kann definitiv besser malen als vor Menschen zu sprechen&#8230; Umso dankbarer war ich f\u00fcr das Format der Er\u00f6ffnung: Statt einer klassischen Rede gab es spontan ein Interview.<\/p>\n\n\n\n<figure class=\"wp-block-image aligncenter size-large is-resized\"><img loading=\"lazy\" decoding=\"async\" width=\"1067\" height=\"600\" src=\"https:\/\/jayjayma.de\/wp-content\/uploads\/2026\/03\/18-Mandala-19-edited-2.jpg\" alt=\"\" class=\"wp-image-4120\" style=\"aspect-ratio:16\/9;object-fit:cover;width:450px\" srcset=\"https:\/\/jayjayma.de\/wp-content\/uploads\/2026\/03\/18-Mandala-19-edited-2.jpg 1067w, https:\/\/jayjayma.de\/wp-content\/uploads\/2026\/03\/18-Mandala-19-edited-2-980x551.jpg 980w, https:\/\/jayjayma.de\/wp-content\/uploads\/2026\/03\/18-Mandala-19-edited-2-480x270.jpg 480w\" sizes=\"(min-width: 0px) and (max-width: 480px) 480px, (min-width: 481px) and (max-width: 980px) 980px, (min-width: 981px) 1067px, 100vw\" \/><figcaption class=\"wp-element-caption\"><em>Foto: <a href=\"https:\/\/www.instagram.com\/elenanowak.fotografie\">Elena Nowak Fotografie<\/a><\/em><\/figcaption><\/figure>\n\n\n\n<p>Das war eine wunderbare L\u00f6sung. In einem Gespr\u00e4ch \u00fcber meine Arbeit, \u00fcber Mandalas und \u00fcber den Entstehungsprozess der Bilder wurde die Atmosph\u00e4re sofort entspannter \u2013 f\u00fcr mich genauso wie f\u00fcr die Zuh\u00f6rer. Und pl\u00f6tzlich war es kein \u201eVortrag\u201c mehr, sondern ein gemeinsames Gespr\u00e4ch \u00fcber Kunst.<\/p>\n\n\n\n<p><\/p>\n\n\n\n<h3 class=\"wp-block-heading\">Gespr\u00e4che zwischen den Bildern<\/h3>\n\n\n\n<p>Das Sch\u00f6nste an einer Vernissage sind f\u00fcr mich die Gespr\u00e4che. Menschen erz\u00e4hlen, welches Bild sie besonders anspricht. Oder sie fragen nach den Farben, nach der Technik, nach der Geschichte hinter einem Werk.<\/p>\n\n\n\n<figure class=\"wp-block-image aligncenter size-large is-resized\"><img loading=\"lazy\" decoding=\"async\" width=\"1024\" height=\"683\" src=\"https:\/\/jayjayma.de\/wp-content\/uploads\/2026\/03\/65-Mandala-66-1024x683.jpg\" alt=\"\" class=\"wp-image-4121\" style=\"width:450px\" srcset=\"https:\/\/jayjayma.de\/wp-content\/uploads\/2026\/03\/65-Mandala-66-980x653.jpg 980w, https:\/\/jayjayma.de\/wp-content\/uploads\/2026\/03\/65-Mandala-66-480x320.jpg 480w\" sizes=\"(min-width: 0px) and (max-width: 480px) 480px, (min-width: 481px) and (max-width: 980px) 980px, (min-width: 981px) 1024px, 100vw\" \/><figcaption class=\"wp-element-caption\"><em>Foto: <a href=\"https:\/\/www.instagram.com\/elenanowak.fotografie\">Elena Nowak Fotografie<\/a><\/em><\/figcaption><\/figure>\n\n\n\n<p>Manchmal h\u00f6rte ich auch S\u00e4tze wie: \u201eWenn man l\u00e4nger hinschaut, wird man richtig ruhig.\u201c Solche Momente ber\u00fchren mich sehr. Denn genau das ist es, was ich mit meinen Mandalas erreichen m\u00f6chte: kleine Inseln der Ruhe im Alltag.<\/p>\n\n\n\n<p><\/p>\n\n\n\n<h3 class=\"wp-block-heading\">Kunst beginnt beim Betrachten<\/h3>\n\n\n\n<p>Ein Bild ver\u00e4ndert sich, sobald jemand davor steht. Pl\u00f6tzlich entstehen neue Perspektiven, neue Gedanken, neue Assoziationen. Jeder bringt seine eigene Geschichte mit \u2013 und sieht etwas anderes. Vielleicht ist genau das das Spannende an Kunst: Sie beginnt erst wirklich zu leben, wenn jemand sie anschaut.<\/p>\n\n\n\n<figure class=\"wp-block-image aligncenter size-large is-resized\"><img loading=\"lazy\" decoding=\"async\" width=\"1024\" height=\"683\" src=\"https:\/\/jayjayma.de\/wp-content\/uploads\/2026\/03\/81-Mandala-85-1024x683.jpg\" alt=\"\" class=\"wp-image-4122\" style=\"width:450px\" srcset=\"https:\/\/jayjayma.de\/wp-content\/uploads\/2026\/03\/81-Mandala-85-980x653.jpg 980w, https:\/\/jayjayma.de\/wp-content\/uploads\/2026\/03\/81-Mandala-85-480x320.jpg 480w\" sizes=\"(min-width: 0px) and (max-width: 480px) 480px, (min-width: 481px) and (max-width: 980px) 980px, (min-width: 981px) 1024px, 100vw\" \/><figcaption class=\"wp-element-caption\"><em>Foto: <a href=\"https:\/\/www.instagram.com\/elenanowak.fotografie\">Elena Nowak Fotografie<\/a><\/em><\/figcaption><\/figure>\n\n\n\n<p><\/p>\n\n\n\n<h3 class=\"wp-block-heading\">Die Ausstellung l\u00e4uft weiter<\/h3>\n\n\n\n<p>Die Ausstellung ist noch an mehreren Tagen ge\u00f6ffnet. Wenn du also neugierig geworden bist und die Werke gern einmal in Ruhe ansehen m\u00f6chtest, bist du herzlich willkommen.<\/p>\n\n\n\n<p>Die n\u00e4chsten \u00d6ffnungstermine sind:<\/p>\n\n\n\n<p class=\"translation-block\"><span>Thu, 12\/03: 10 \u2013 12 Uhr<\/span><br><span>Fr, 13\/03: 17 \u2013 19 Uhr<\/span><br><span>Thu, 19\/03: 10 \u2013 12 Uhr &amp; 19:00 \u2013 20:30<\/span><br><span>Fr, 20\/03: 17 \u2013 19 Uhr<\/span><br><span>Tue, 24\/03: 19:00 \u2013 20:30 Uhr<\/span><br><span>Thu: 26\/.03: 10 \u2013 12 Uhr<\/span><br><span>Fr, 27\/03: 17 \u2013 19 Uhr<\/span><br><span>Tue, 31\/03: 15 \u2013 17 Uhr<\/span><br><span>Thu, 02\/04: 10 \u2013 12 Uhr<\/span><\/p>\n\n\n\n<p>Am 20., <strong>26. M\u00e4rz und 27. M\u00e4rz<\/strong> plane ich selbst vor Ort zu sein.<br>An diesen Tagen bringe ich auch noch einige <strong>kleinere Werke und Mandala-Ketten<\/strong> mit, die nicht dauerhaft Teil der Ausstellung sind.<\/p>\n\n\n\n<figure class=\"wp-block-image aligncenter size-large is-resized\"><img loading=\"lazy\" decoding=\"async\" width=\"1024\" height=\"683\" src=\"https:\/\/jayjayma.de\/wp-content\/uploads\/2026\/03\/70-Mandala-74-1024x683.jpg\" alt=\"\" class=\"wp-image-4123\" style=\"width:450px\" srcset=\"https:\/\/jayjayma.de\/wp-content\/uploads\/2026\/03\/70-Mandala-74-980x653.jpg 980w, https:\/\/jayjayma.de\/wp-content\/uploads\/2026\/03\/70-Mandala-74-480x320.jpg 480w\" sizes=\"(min-width: 0px) and (max-width: 480px) 480px, (min-width: 481px) and (max-width: 980px) 980px, (min-width: 981px) 1024px, 100vw\" \/><figcaption class=\"wp-element-caption\"><em>Foto: <a href=\"https:\/\/www.instagram.com\/elenanowak.fotografie\">Elena Nowak Fotografie<\/a><\/em><\/figcaption><\/figure>\n\n\n\n<p>Vielleicht ergibt sich dann auch das eine oder andere Gespr\u00e4ch \u2013 ich freue mich immer, Besucher pers\u00f6nlich kennenzulernen.<\/p>\n\n\n\n<p>Wenn du nicht pers\u00f6nlich vorbeikommen kannst oder dir vorab einen Eindruck verschaffen m\u00f6chtest, habe ich eine <a href=\"https:\/\/jayjayma.de\/en\/simon-petrus\/\">Webpage zur Ausstellung<\/a> eingerichtet. Dort findest du einen kurzen Film aus meinem Atelier, Hintergrundinformationen zu meinen Mandalas und einen \u00dcberblick \u00fcber die ausgestellten Werke.<\/p>\n\n\n\n<p><\/p>\n\n\n\n<h3 class=\"wp-block-heading\">Dank an die Organisatoren<\/h3>\n\n\n\n<p>An dieser Stelle auch ein herzliches Dankesch\u00f6n an den Freundeskreis der Simon-Petrus-Kirche, der diese Ausstellungen in der Simon-Petrus-Kirche m\u00f6glich macht und sich mit viel Engagement um den Erhalt dieses besonderen Ortes k\u00fcmmert.<\/p>\n\n\n\n<p>Ohne solche Menschen g\u00e4be es viele R\u00e4ume f\u00fcr Kunst gar nicht.<\/p>\n\n\n\n<p><\/p>\n\n\n\n<h3 class=\"wp-block-heading\">Besuch der Ausstellung<\/h3>\n\n\n\n<p>Die Ausstellung findet statt in der<\/p>\n\n\n\n<p><strong>Simon-Petrus-Kirche<\/strong><br>Harksheider Stra\u00dfe 156<br>22399 Hamburg<br><br>Der Eintritt ist kostenlos.<\/p>\n\n\n\n<p>Ein Ort, der mit seinem besonderen Licht und seiner ruhigen Atmosph\u00e4re einen wunderbaren Rahmen f\u00fcr die Mandalas bildet.<\/p>","protected":false},"excerpt":{"rendered":"<p>Man wei\u00df vorher nie so genau, wie eine Vernissage wird. Man plant, h\u00e4ngt Bilder auf, richtet die Werke aus, stellt Licht ein, \u00fcberlegt sich ein paar Worte f\u00fcr die Er\u00f6ffnung \u2013 und dann kommt der Moment, an dem sich die T\u00fcr \u00f6ffnet und die ersten Besucher hereinkommen. Letzten Samstag war es so weit. Und ich [&hellip;]<\/p>\n","protected":false},"author":1,"featured_media":4107,"comment_status":"open","ping_status":"open","sticky":false,"template":"","format":"standard","meta":{"_et_pb_use_builder":"off","_et_pb_old_content":"<!-- wp:paragraph -->\n<p>Man wei\u00df vorher nie so genau, wie eine Vernissage wird. Man plant, h\u00e4ngt Bilder auf, richtet die Werke aus, stellt Licht ein, \u00fcberlegt sich ein paar Worte f\u00fcr die Er\u00f6ffnung \u2013 und dann kommt der Moment, an dem sich die T\u00fcr \u00f6ffnet und die ersten Besucher hereinkommen.<\/p>\n<!-- \/wp:paragraph -->\n\n<!-- wp:paragraph -->\n<p>Letzten Samstag war es so weit. Und ich kann schon jetzt sagen: Es war ein ganz besonderer Nachmittag.<\/p>\n<!-- \/wp:paragraph -->\n\n<!-- wp:paragraph -->\n<p><\/p>\n<!-- \/wp:paragraph -->\n\n<!-- wp:heading {\"level\":3} -->\n<h3 class=\"wp-block-heading\">Ein ungew\u00f6hnlicher Ausstellungsort<\/h3>\n<!-- \/wp:heading -->\n\n<!-- wp:paragraph -->\n<p>Die Ausstellung findet in der <strong>Simon-Petrus-Kirche in Hamburg-Poppenb\u00fcttel<\/strong> statt \u2013 und dieser Ort hat eine ganz eigene Atmosph\u00e4re. Der Bau ist besonders: Viele Glasbausteine in unterschiedlichen Farben lassen das Licht auf eine Weise in den Raum fallen, die sich im Laufe des Tages immer wieder ver\u00e4ndert.<\/p>\n<!-- \/wp:paragraph -->\n\n<!-- wp:image {\"id\":4109,\"width\":\"450px\",\"sizeSlug\":\"large\",\"linkDestination\":\"none\",\"align\":\"center\"} -->\n<figure class=\"wp-block-image aligncenter size-large is-resized\"><img src=\"https:\/\/jayjayma.de\/wp-content\/uploads\/2026\/03\/WhatsApp-Image-2026-03-12-at-17.01.35-1-1024x576.jpeg\" alt=\"\" class=\"wp-image-4109\" style=\"width:450px\"\/><figcaption class=\"wp-element-caption\"><em>Foto: Pascal Meyer-James                        <\/em><\/figcaption><\/figure>\n<!-- \/wp:image -->\n\n<!-- wp:paragraph -->\n<p>Als w\u00e4hrend der Vernissage die Sonne durch diese farbigen Glasfl\u00e4chen strahlte, entstanden \u00fcberall im Raum kleine Farbspiele. Es war fast so, als w\u00fcrde das Licht selbst Teil der Ausstellung werden. Und ich dachte mehr als einmal: Wie wundersch\u00f6n das zu den Mandalas passt!<\/p>\n<!-- \/wp:paragraph -->\n\n<!-- wp:paragraph -->\n<p><\/p>\n<!-- \/wp:paragraph -->\n\n<!-- wp:heading {\"level\":3} -->\n<h3 class=\"wp-block-heading\">Wenn Besucher stehen bleiben<\/h3>\n<!-- \/wp:heading -->\n\n<!-- wp:paragraph -->\n<p>Als die ersten G\u00e4ste eintrafen, entstand genau das, was ich mir f\u00fcr diese Ausstellung gew\u00fcnscht hatte: Menschen, die stehen bleiben. Manche gingen ganz nah an die Bilder heran, andere betrachteten sie aus ein paar Schritten Entfernung. Viele nahmen sich Zeit, lie\u00dfen den Blick \u00fcber die Muster wandern und entdeckten Details.<\/p>\n<!-- \/wp:paragraph -->\n\n<!-- wp:image {\"id\":4114,\"width\":\"450px\",\"aspectRatio\":\"1.4993026102302809\",\"scale\":\"cover\",\"sizeSlug\":\"large\",\"linkDestination\":\"none\",\"align\":\"center\",\"className\":\"is-style-default\"} -->\n<figure class=\"wp-block-image aligncenter size-large is-resized is-style-default\"><img src=\"https:\/\/jayjayma.de\/wp-content\/uploads\/2026\/03\/64-Mandala-65-edited.jpg\" alt=\"\" class=\"wp-image-4114\" style=\"aspect-ratio:1.4993026102302809;object-fit:cover;width:450px\"\/><figcaption class=\"wp-element-caption\"><em>Foto: <a href=\"https:\/\/www.instagram.com\/elenanowak.fotografie\">Elena Nowak Fotografie<\/a><\/em><\/figcaption><\/figure>\n<!-- \/wp:image -->\n\n<!-- wp:paragraph -->\n<p>Immer wieder h\u00f6rte ich S\u00e4tze wie: \u201eJe l\u00e4nger man schaut, desto mehr sieht man.\u201c Oder: \u201eDie wirken ganz unterschiedlich, je nachdem, wo man steht.\u201c<\/p>\n<!-- \/wp:paragraph -->\n\n<!-- wp:paragraph -->\n<p><\/p>\n<!-- \/wp:paragraph -->\n\n<!-- wp:heading {\"level\":3} -->\n<h3 class=\"wp-block-heading\">Die Er\u00f6ffnung \u2013 zum Gl\u00fcck als Interview<\/h3>\n<!-- \/wp:heading -->\n\n<!-- wp:paragraph -->\n<p>Irgendwann kommt bei einer Vernissage der Moment der offiziellen Er\u00f6ffnung. Fakt ist: Ich kann definitiv besser malen als vor Menschen zu sprechen... Umso dankbarer war ich f\u00fcr das Format der Er\u00f6ffnung: Statt einer klassischen Rede gab es spontan ein Interview.<\/p>\n<!-- \/wp:paragraph -->\n\n<!-- wp:image {\"id\":4120,\"width\":\"450px\",\"aspectRatio\":\"16\/9\",\"scale\":\"cover\",\"sizeSlug\":\"large\",\"linkDestination\":\"none\",\"align\":\"center\"} -->\n<figure class=\"wp-block-image aligncenter size-large is-resized\"><img src=\"https:\/\/jayjayma.de\/wp-content\/uploads\/2026\/03\/18-Mandala-19-edited-2.jpg\" alt=\"\" class=\"wp-image-4120\" style=\"aspect-ratio:16\/9;object-fit:cover;width:450px\"\/><figcaption class=\"wp-element-caption\"><em>Foto: <a href=\"https:\/\/www.instagram.com\/elenanowak.fotografie\">Elena Nowak Fotografie<\/a><\/em><\/figcaption><\/figure>\n<!-- \/wp:image -->\n\n<!-- wp:paragraph -->\n<p>Das war eine wunderbare L\u00f6sung. In einem Gespr\u00e4ch \u00fcber meine Arbeit, \u00fcber Mandalas und \u00fcber den Entstehungsprozess der Bilder wurde die Atmosph\u00e4re sofort entspannter \u2013 f\u00fcr mich genauso wie f\u00fcr die Zuh\u00f6rer. Und pl\u00f6tzlich war es kein \u201eVortrag\u201c mehr, sondern ein gemeinsames Gespr\u00e4ch \u00fcber Kunst.<\/p>\n<!-- \/wp:paragraph -->\n\n<!-- wp:paragraph -->\n<p><\/p>\n<!-- \/wp:paragraph -->\n\n<!-- wp:heading {\"level\":3} -->\n<h3 class=\"wp-block-heading\">Gespr\u00e4che zwischen den Bildern<\/h3>\n<!-- \/wp:heading -->\n\n<!-- wp:paragraph -->\n<p>Das Sch\u00f6nste an einer Vernissage sind f\u00fcr mich die Gespr\u00e4che. Menschen erz\u00e4hlen, welches Bild sie besonders anspricht. Oder sie fragen nach den Farben, nach der Technik, nach der Geschichte hinter einem Werk.<\/p>\n<!-- \/wp:paragraph -->\n\n<!-- wp:image {\"id\":4121,\"width\":\"450px\",\"sizeSlug\":\"large\",\"linkDestination\":\"none\",\"align\":\"center\"} -->\n<figure class=\"wp-block-image aligncenter size-large is-resized\"><img src=\"https:\/\/jayjayma.de\/wp-content\/uploads\/2026\/03\/65-Mandala-66-1024x683.jpg\" alt=\"\" class=\"wp-image-4121\" style=\"width:450px\"\/><figcaption class=\"wp-element-caption\"><em>Foto: <a href=\"https:\/\/www.instagram.com\/elenanowak.fotografie\">Elena Nowak Fotografie<\/a><\/em><\/figcaption><\/figure>\n<!-- \/wp:image -->\n\n<!-- wp:paragraph -->\n<p>Manchmal h\u00f6rte ich auch S\u00e4tze wie: \u201eWenn man l\u00e4nger hinschaut, wird man richtig ruhig.\u201c Solche Momente ber\u00fchren mich sehr. Denn genau das ist es, was ich mit meinen Mandalas erreichen m\u00f6chte: kleine Inseln der Ruhe im Alltag.<\/p>\n<!-- \/wp:paragraph -->\n\n<!-- wp:paragraph -->\n<p><\/p>\n<!-- \/wp:paragraph -->\n\n<!-- wp:heading {\"level\":3} -->\n<h3 class=\"wp-block-heading\">Kunst beginnt beim Betrachten<\/h3>\n<!-- \/wp:heading -->\n\n<!-- wp:paragraph -->\n<p>Ein Bild ver\u00e4ndert sich, sobald jemand davor steht. Pl\u00f6tzlich entstehen neue Perspektiven, neue Gedanken, neue Assoziationen. Jeder bringt seine eigene Geschichte mit \u2013 und sieht etwas anderes. Vielleicht ist genau das das Spannende an Kunst: Sie beginnt erst wirklich zu leben, wenn jemand sie anschaut.<\/p>\n<!-- \/wp:paragraph -->\n\n<!-- wp:image {\"id\":4122,\"width\":\"450px\",\"sizeSlug\":\"large\",\"linkDestination\":\"none\",\"align\":\"center\"} -->\n<figure class=\"wp-block-image aligncenter size-large is-resized\"><img src=\"https:\/\/jayjayma.de\/wp-content\/uploads\/2026\/03\/81-Mandala-85-1024x683.jpg\" alt=\"\" class=\"wp-image-4122\" style=\"width:450px\"\/><figcaption class=\"wp-element-caption\"><em>Foto: <a href=\"https:\/\/www.instagram.com\/elenanowak.fotografie\">Elena Nowak Fotografie<\/a><\/em><\/figcaption><\/figure>\n<!-- \/wp:image -->\n\n<!-- wp:paragraph -->\n<p><\/p>\n<!-- \/wp:paragraph -->\n\n<!-- wp:heading {\"level\":3} -->\n<h3 class=\"wp-block-heading\">Die Ausstellung l\u00e4uft weiter<\/h3>\n<!-- \/wp:heading -->\n\n<!-- wp:paragraph -->\n<p>Die Ausstellung ist noch an mehreren Tagen ge\u00f6ffnet. Wenn du also neugierig geworden bist und die Werke gern einmal in Ruhe ansehen m\u00f6chtest, bist du herzlich willkommen.<\/p>\n<!-- \/wp:paragraph -->\n\n<!-- wp:paragraph -->\n<p>Die n\u00e4chsten \u00d6ffnungstermine sind:<\/p>\n<!-- \/wp:paragraph -->\n\n<!-- wp:paragraph -->\n<p>Do, 12.03.: 10 - 12 Uhr<br>Fr, 13.03.: 17 - 19 Uhr<br>Do, 19.03.: 10 - 12 Uhr &amp; 19:00 - 20:30<br>Fr, 20.03.: 17 - 19 Uhr<br>Di, 24.03.: 19:00 - 20:30 Uhr<br>Do, 26.03.: 10 - 12 Uhr<br>Fr, 27.03.: 17 - 19 Uhr<br>Di, 31.03.: 15 - 17 Uhr<br>Do, 02.04.: 10 - 12 Uhr<\/p>\n<!-- \/wp:paragraph -->\n\n<!-- wp:paragraph -->\n<p>Am <strong>20. M\u00e4rz und 27. M\u00e4rz<\/strong> plane ich selbst vor Ort zu sein.<br>An diesen Tagen bringe ich auch noch einige <strong>kleinere Werke und Mandala-Ketten<\/strong> mit, die nicht dauerhaft Teil der Ausstellung sind.<\/p>\n<!-- \/wp:paragraph -->\n\n<!-- wp:image {\"id\":4123,\"width\":\"450px\",\"sizeSlug\":\"large\",\"linkDestination\":\"none\",\"align\":\"center\"} -->\n<figure class=\"wp-block-image aligncenter size-large is-resized\"><img src=\"https:\/\/jayjayma.de\/wp-content\/uploads\/2026\/03\/70-Mandala-74-1024x683.jpg\" alt=\"\" class=\"wp-image-4123\" style=\"width:450px\"\/><figcaption class=\"wp-element-caption\"><em>Foto: <a href=\"https:\/\/www.instagram.com\/elenanowak.fotografie\">Elena Nowak Fotografie<\/a><\/em><\/figcaption><\/figure>\n<!-- \/wp:image -->\n\n<!-- wp:paragraph -->\n<p>Vielleicht ergibt sich dann auch das eine oder andere Gespr\u00e4ch \u2013 ich freue mich immer, Besucher pers\u00f6nlich kennenzulernen.<\/p>\n<!-- \/wp:paragraph -->\n\n<!-- wp:paragraph -->\n<p>Wenn du nicht pers\u00f6nlich vorbeikommen kannst oder dir vorab einen Eindruck verschaffen m\u00f6chtest, habe ich eine <a href=\"https:\/\/jayjayma.de\/simon-petrus\">Webpage zur Ausstellung<\/a> eingerichtet. Dort findest du einen kurzen Film aus meinem Atelier, Hintergrundinformationen zu meinen Mandalas und einen \u00dcberblick \u00fcber die ausgestellten Werke.<\/p>\n<!-- \/wp:paragraph -->\n\n<!-- wp:paragraph -->\n<p><\/p>\n<!-- \/wp:paragraph -->\n\n<!-- wp:heading {\"level\":3} -->\n<h3 class=\"wp-block-heading\">Dank an die Organisatoren<\/h3>\n<!-- \/wp:heading -->\n\n<!-- wp:paragraph -->\n<p>An dieser Stelle auch ein herzliches Dankesch\u00f6n an den Freundeskreis der Simon-Petrus-Kirche, der diese Ausstellungen in der Simon-Petrus-Kirche m\u00f6glich macht und sich mit viel Engagement um den Erhalt dieses besonderen Ortes k\u00fcmmert.<\/p>\n<!-- \/wp:paragraph -->\n\n<!-- wp:paragraph -->\n<p>Ohne solche Menschen g\u00e4be es viele R\u00e4ume f\u00fcr Kunst gar nicht.<\/p>\n<!-- \/wp:paragraph -->\n\n<!-- wp:paragraph -->\n<p><\/p>\n<!-- \/wp:paragraph -->\n\n<!-- wp:heading {\"level\":3} -->\n<h3 class=\"wp-block-heading\">Besuch der Ausstellung<\/h3>\n<!-- \/wp:heading -->\n\n<!-- wp:paragraph -->\n<p>Die Ausstellung findet statt in der<\/p>\n<!-- \/wp:paragraph -->\n\n<!-- wp:paragraph -->\n<p><strong>Simon-Petrus-Kirche<\/strong><br>Harksheider Stra\u00dfe 156<br>22399 Hamburg<br><br>Der Eintritt ist kostenlos.<\/p>\n<!-- \/wp:paragraph -->\n\n<!-- wp:paragraph -->\n<p>Ein Ort, der mit seinem besonderen Licht und seiner ruhigen Atmosph\u00e4re einen wunderbaren Rahmen f\u00fcr die Mandalas bildet.<\/p>\n<!-- \/wp:paragraph -->","_et_gb_content_width":"","_metis_text_type":"standard","_metis_text_length":4780,"_post_count":0,"footnotes":""},"categories":[77],"tags":[],"class_list":["post-4105","post","type-post","status-publish","format-standard","has-post-thumbnail","hentry","category-ausstellungen"],"yoast_head":"<!-- This site is optimized with the Yoast SEO plugin v27.5 - https:\/\/yoast.com\/product\/yoast-seo-wordpress\/ -->\n<title>Vernissage meiner Mandala-Ausstellung in Hamburg<\/title>\n<meta name=\"description\" content=\"Impressionen von der Vernissage meiner Mandala-Ausstellung in der Simon-Petrus-Kirche in Hamburg.\" \/>\n<meta name=\"robots\" content=\"index, follow, max-snippet:-1, max-image-preview:large, max-video-preview:-1\" \/>\n<link rel=\"canonical\" href=\"https:\/\/jayjayma.de\/en\/2026\/03\/11\/vernissage-mandala-ausstellung-hamburg\/\" \/>\n<meta property=\"og:locale\" content=\"en_GB\" \/>\n<meta property=\"og:type\" content=\"article\" \/>\n<meta property=\"og:title\" content=\"Vernissage meiner Mandala-Ausstellung in Hamburg\" \/>\n<meta property=\"og:description\" content=\"Impressionen von der Vernissage meiner Mandala-Ausstellung in der Simon-Petrus-Kirche in Hamburg.\" \/>\n<meta property=\"og:url\" content=\"https:\/\/jayjayma.de\/en\/2026\/03\/11\/vernissage-mandala-ausstellung-hamburg\/\" \/>\n<meta property=\"og:site_name\" content=\"jayjayma.de\" \/>\n<meta property=\"article:published_time\" content=\"2026-03-11T17:10:35+00:00\" \/>\n<meta property=\"article:modified_time\" content=\"2026-03-20T17:03:16+00:00\" \/>\n<meta property=\"og:image\" content=\"https:\/\/jayjayma.de\/wp-content\/uploads\/2026\/03\/WhatsApp-Image-2026-03-12-at-17.01.35.jpeg\" \/>\n\t<meta property=\"og:image:width\" content=\"900\" \/>\n\t<meta property=\"og:image:height\" content=\"1600\" \/>\n\t<meta property=\"og:image:type\" content=\"image\/jpeg\" \/>\n<meta name=\"author\" content=\"Julia James\" \/>\n<meta name=\"twitter:card\" content=\"summary_large_image\" \/>\n<meta name=\"twitter:label1\" content=\"Written by\" \/>\n\t<meta name=\"twitter:data1\" content=\"Julia James\" \/>\n\t<meta name=\"twitter:label2\" content=\"Estimated reading time\" \/>\n\t<meta name=\"twitter:data2\" content=\"5 minutes\" \/>\n<script type=\"application\/ld+json\" class=\"yoast-schema-graph\">{\"@context\":\"https:\\\/\\\/schema.org\",\"@graph\":[{\"@type\":\"Article\",\"@id\":\"https:\\\/\\\/jayjayma.de\\\/2026\\\/03\\\/11\\\/vernissage-mandala-ausstellung-hamburg\\\/#article\",\"isPartOf\":{\"@id\":\"https:\\\/\\\/jayjayma.de\\\/2026\\\/03\\\/11\\\/vernissage-mandala-ausstellung-hamburg\\\/\"},\"author\":{\"name\":\"Julia James\",\"@id\":\"https:\\\/\\\/jayjayma.de\\\/#\\\/schema\\\/person\\\/e9210b912c40330c015ef249278e5649\"},\"headline\":\"Vernissage in der Kirche \u2013 ein Nachmittag voller Begegnungen\",\"datePublished\":\"2026-03-11T17:10:35+00:00\",\"dateModified\":\"2026-03-20T17:03:16+00:00\",\"mainEntityOfPage\":{\"@id\":\"https:\\\/\\\/jayjayma.de\\\/2026\\\/03\\\/11\\\/vernissage-mandala-ausstellung-hamburg\\\/\"},\"wordCount\":765,\"commentCount\":0,\"publisher\":{\"@id\":\"https:\\\/\\\/jayjayma.de\\\/#\\\/schema\\\/person\\\/e9210b912c40330c015ef249278e5649\"},\"image\":{\"@id\":\"https:\\\/\\\/jayjayma.de\\\/2026\\\/03\\\/11\\\/vernissage-mandala-ausstellung-hamburg\\\/#primaryimage\"},\"thumbnailUrl\":\"https:\\\/\\\/jayjayma.de\\\/wp-content\\\/uploads\\\/2026\\\/03\\\/WhatsApp-Image-2026-03-12-at-17.01.35.jpeg\",\"articleSection\":[\"Ausstellungen\"],\"inLanguage\":\"en-GB\",\"potentialAction\":[{\"@type\":\"CommentAction\",\"name\":\"Comment\",\"target\":[\"https:\\\/\\\/jayjayma.de\\\/2026\\\/03\\\/11\\\/vernissage-mandala-ausstellung-hamburg\\\/#respond\"]}]},{\"@type\":\"WebPage\",\"@id\":\"https:\\\/\\\/jayjayma.de\\\/2026\\\/03\\\/11\\\/vernissage-mandala-ausstellung-hamburg\\\/\",\"url\":\"https:\\\/\\\/jayjayma.de\\\/2026\\\/03\\\/11\\\/vernissage-mandala-ausstellung-hamburg\\\/\",\"name\":\"Vernissage meiner Mandala-Ausstellung in Hamburg\",\"isPartOf\":{\"@id\":\"https:\\\/\\\/jayjayma.de\\\/#website\"},\"primaryImageOfPage\":{\"@id\":\"https:\\\/\\\/jayjayma.de\\\/2026\\\/03\\\/11\\\/vernissage-mandala-ausstellung-hamburg\\\/#primaryimage\"},\"image\":{\"@id\":\"https:\\\/\\\/jayjayma.de\\\/2026\\\/03\\\/11\\\/vernissage-mandala-ausstellung-hamburg\\\/#primaryimage\"},\"thumbnailUrl\":\"https:\\\/\\\/jayjayma.de\\\/wp-content\\\/uploads\\\/2026\\\/03\\\/WhatsApp-Image-2026-03-12-at-17.01.35.jpeg\",\"datePublished\":\"2026-03-11T17:10:35+00:00\",\"dateModified\":\"2026-03-20T17:03:16+00:00\",\"description\":\"Impressionen von der Vernissage meiner Mandala-Ausstellung in der Simon-Petrus-Kirche in Hamburg.\",\"breadcrumb\":{\"@id\":\"https:\\\/\\\/jayjayma.de\\\/2026\\\/03\\\/11\\\/vernissage-mandala-ausstellung-hamburg\\\/#breadcrumb\"},\"inLanguage\":\"en-GB\",\"potentialAction\":[{\"@type\":\"ReadAction\",\"target\":[\"https:\\\/\\\/jayjayma.de\\\/2026\\\/03\\\/11\\\/vernissage-mandala-ausstellung-hamburg\\\/\"]}]},{\"@type\":\"ImageObject\",\"inLanguage\":\"en-GB\",\"@id\":\"https:\\\/\\\/jayjayma.de\\\/2026\\\/03\\\/11\\\/vernissage-mandala-ausstellung-hamburg\\\/#primaryimage\",\"url\":\"https:\\\/\\\/jayjayma.de\\\/wp-content\\\/uploads\\\/2026\\\/03\\\/WhatsApp-Image-2026-03-12-at-17.01.35.jpeg\",\"contentUrl\":\"https:\\\/\\\/jayjayma.de\\\/wp-content\\\/uploads\\\/2026\\\/03\\\/WhatsApp-Image-2026-03-12-at-17.01.35.jpeg\",\"width\":900,\"height\":1600},{\"@type\":\"BreadcrumbList\",\"@id\":\"https:\\\/\\\/jayjayma.de\\\/2026\\\/03\\\/11\\\/vernissage-mandala-ausstellung-hamburg\\\/#breadcrumb\",\"itemListElement\":[{\"@type\":\"ListItem\",\"position\":1,\"name\":\"Home\",\"item\":\"https:\\\/\\\/jayjayma.de\\\/\"},{\"@type\":\"ListItem\",\"position\":2,\"name\":\"Vernissage in der Kirche \u2013 ein Nachmittag voller Begegnungen\"}]},{\"@type\":\"WebSite\",\"@id\":\"https:\\\/\\\/jayjayma.de\\\/#website\",\"url\":\"https:\\\/\\\/jayjayma.de\\\/\",\"name\":\"jayjayma.de\",\"description\":\"arts and craft\",\"publisher\":{\"@id\":\"https:\\\/\\\/jayjayma.de\\\/#\\\/schema\\\/person\\\/e9210b912c40330c015ef249278e5649\"},\"potentialAction\":[{\"@type\":\"SearchAction\",\"target\":{\"@type\":\"EntryPoint\",\"urlTemplate\":\"https:\\\/\\\/jayjayma.de\\\/?s={search_term_string}\"},\"query-input\":{\"@type\":\"PropertyValueSpecification\",\"valueRequired\":true,\"valueName\":\"search_term_string\"}}],\"inLanguage\":\"en-GB\"},{\"@type\":[\"Person\",\"Organization\"],\"@id\":\"https:\\\/\\\/jayjayma.de\\\/#\\\/schema\\\/person\\\/e9210b912c40330c015ef249278e5649\",\"name\":\"Julia James\",\"image\":{\"@type\":\"ImageObject\",\"inLanguage\":\"en-GB\",\"@id\":\"https:\\\/\\\/jayjayma.de\\\/wp-content\\\/uploads\\\/2025\\\/04\\\/jayjaysdots_dunkel.png\",\"url\":\"https:\\\/\\\/jayjayma.de\\\/wp-content\\\/uploads\\\/2025\\\/04\\\/jayjaysdots_dunkel.png\",\"contentUrl\":\"https:\\\/\\\/jayjayma.de\\\/wp-content\\\/uploads\\\/2025\\\/04\\\/jayjaysdots_dunkel.png\",\"width\":500,\"height\":500,\"caption\":\"Julia James\"},\"logo\":{\"@id\":\"https:\\\/\\\/jayjayma.de\\\/wp-content\\\/uploads\\\/2025\\\/04\\\/jayjaysdots_dunkel.png\"},\"description\":\"Die Mandala-K\u00fcnstlerin und Workshop-Leiterin verbindet Kreativit\u00e4t mit Achtsamkeit und inspiriert andere, durch das Betrachten und Malen von Mandalas innere Ruhe und Balance zu finden.\",\"sameAs\":[\"https:\\\/\\\/jayjayma.de\",\"https:\\\/\\\/www.instagram.com\\\/jayjaysdots\\\/\"],\"url\":\"https:\\\/\\\/jayjayma.de\\\/en\\\/author\\\/jayjay\\\/\"}]}<\/script>\n<!-- \/ Yoast SEO plugin. -->","yoast_head_json":{"title":"Vernissage meiner Mandala-Ausstellung in Hamburg","description":"Impressionen von der Vernissage meiner Mandala-Ausstellung in der Simon-Petrus-Kirche in Hamburg.","robots":{"index":"index","follow":"follow","max-snippet":"max-snippet:-1","max-image-preview":"max-image-preview:large","max-video-preview":"max-video-preview:-1"},"canonical":"https:\/\/jayjayma.de\/en\/2026\/03\/11\/vernissage-mandala-ausstellung-hamburg\/","og_locale":"en_GB","og_type":"article","og_title":"Vernissage meiner Mandala-Ausstellung in Hamburg","og_description":"Impressionen von der Vernissage meiner Mandala-Ausstellung in der Simon-Petrus-Kirche in Hamburg.","og_url":"https:\/\/jayjayma.de\/en\/2026\/03\/11\/vernissage-mandala-ausstellung-hamburg\/","og_site_name":"jayjayma.de","article_published_time":"2026-03-11T17:10:35+00:00","article_modified_time":"2026-03-20T17:03:16+00:00","og_image":[{"width":900,"height":1600,"url":"https:\/\/jayjayma.de\/wp-content\/uploads\/2026\/03\/WhatsApp-Image-2026-03-12-at-17.01.35.jpeg","type":"image\/jpeg"}],"author":"Julia James","twitter_card":"summary_large_image","twitter_misc":{"Written by":"Julia James","Estimated reading time":"5 minutes"},"schema":{"@context":"https:\/\/schema.org","@graph":[{"@type":"Article","@id":"https:\/\/jayjayma.de\/2026\/03\/11\/vernissage-mandala-ausstellung-hamburg\/#article","isPartOf":{"@id":"https:\/\/jayjayma.de\/2026\/03\/11\/vernissage-mandala-ausstellung-hamburg\/"},"author":{"name":"Julia James","@id":"https:\/\/jayjayma.de\/#\/schema\/person\/e9210b912c40330c015ef249278e5649"},"headline":"Vernissage in der Kirche \u2013 ein Nachmittag voller Begegnungen","datePublished":"2026-03-11T17:10:35+00:00","dateModified":"2026-03-20T17:03:16+00:00","mainEntityOfPage":{"@id":"https:\/\/jayjayma.de\/2026\/03\/11\/vernissage-mandala-ausstellung-hamburg\/"},"wordCount":765,"commentCount":0,"publisher":{"@id":"https:\/\/jayjayma.de\/#\/schema\/person\/e9210b912c40330c015ef249278e5649"},"image":{"@id":"https:\/\/jayjayma.de\/2026\/03\/11\/vernissage-mandala-ausstellung-hamburg\/#primaryimage"},"thumbnailUrl":"https:\/\/jayjayma.de\/wp-content\/uploads\/2026\/03\/WhatsApp-Image-2026-03-12-at-17.01.35.jpeg","articleSection":["Ausstellungen"],"inLanguage":"en-GB","potentialAction":[{"@type":"CommentAction","name":"Comment","target":["https:\/\/jayjayma.de\/2026\/03\/11\/vernissage-mandala-ausstellung-hamburg\/#respond"]}]},{"@type":"WebPage","@id":"https:\/\/jayjayma.de\/2026\/03\/11\/vernissage-mandala-ausstellung-hamburg\/","url":"https:\/\/jayjayma.de\/2026\/03\/11\/vernissage-mandala-ausstellung-hamburg\/","name":"Vernissage meiner Mandala-Ausstellung in Hamburg","isPartOf":{"@id":"https:\/\/jayjayma.de\/#website"},"primaryImageOfPage":{"@id":"https:\/\/jayjayma.de\/2026\/03\/11\/vernissage-mandala-ausstellung-hamburg\/#primaryimage"},"image":{"@id":"https:\/\/jayjayma.de\/2026\/03\/11\/vernissage-mandala-ausstellung-hamburg\/#primaryimage"},"thumbnailUrl":"https:\/\/jayjayma.de\/wp-content\/uploads\/2026\/03\/WhatsApp-Image-2026-03-12-at-17.01.35.jpeg","datePublished":"2026-03-11T17:10:35+00:00","dateModified":"2026-03-20T17:03:16+00:00","description":"Impressionen von der Vernissage meiner Mandala-Ausstellung in der Simon-Petrus-Kirche in Hamburg.","breadcrumb":{"@id":"https:\/\/jayjayma.de\/2026\/03\/11\/vernissage-mandala-ausstellung-hamburg\/#breadcrumb"},"inLanguage":"en-GB","potentialAction":[{"@type":"ReadAction","target":["https:\/\/jayjayma.de\/2026\/03\/11\/vernissage-mandala-ausstellung-hamburg\/"]}]},{"@type":"ImageObject","inLanguage":"en-GB","@id":"https:\/\/jayjayma.de\/2026\/03\/11\/vernissage-mandala-ausstellung-hamburg\/#primaryimage","url":"https:\/\/jayjayma.de\/wp-content\/uploads\/2026\/03\/WhatsApp-Image-2026-03-12-at-17.01.35.jpeg","contentUrl":"https:\/\/jayjayma.de\/wp-content\/uploads\/2026\/03\/WhatsApp-Image-2026-03-12-at-17.01.35.jpeg","width":900,"height":1600},{"@type":"BreadcrumbList","@id":"https:\/\/jayjayma.de\/2026\/03\/11\/vernissage-mandala-ausstellung-hamburg\/#breadcrumb","itemListElement":[{"@type":"ListItem","position":1,"name":"Home","item":"https:\/\/jayjayma.de\/"},{"@type":"ListItem","position":2,"name":"Vernissage in der Kirche \u2013 ein Nachmittag voller Begegnungen"}]},{"@type":"WebSite","@id":"https:\/\/jayjayma.de\/#website","url":"https:\/\/jayjayma.de\/","name":"jayjayma.de","description":"arts and craft","publisher":{"@id":"https:\/\/jayjayma.de\/#\/schema\/person\/e9210b912c40330c015ef249278e5649"},"potentialAction":[{"@type":"SearchAction","target":{"@type":"EntryPoint","urlTemplate":"https:\/\/jayjayma.de\/?s={search_term_string}"},"query-input":{"@type":"PropertyValueSpecification","valueRequired":true,"valueName":"search_term_string"}}],"inLanguage":"en-GB"},{"@type":["Person","Organization"],"@id":"https:\/\/jayjayma.de\/#\/schema\/person\/e9210b912c40330c015ef249278e5649","name":"Julia James","image":{"@type":"ImageObject","inLanguage":"en-GB","@id":"https:\/\/jayjayma.de\/wp-content\/uploads\/2025\/04\/jayjaysdots_dunkel.png","url":"https:\/\/jayjayma.de\/wp-content\/uploads\/2025\/04\/jayjaysdots_dunkel.png","contentUrl":"https:\/\/jayjayma.de\/wp-content\/uploads\/2025\/04\/jayjaysdots_dunkel.png","width":500,"height":500,"caption":"Julia James"},"logo":{"@id":"https:\/\/jayjayma.de\/wp-content\/uploads\/2025\/04\/jayjaysdots_dunkel.png"},"description":"The mandala artist and workshop host combines creativity with mindfulness and inspires others to find inner peace and balance by looking at and painting mandalas.","sameAs":["https:\/\/jayjayma.de","https:\/\/www.instagram.com\/jayjaysdots\/"],"url":"https:\/\/jayjayma.de\/en\/author\/jayjay\/"}]}},"public_identification_id":"34c0dcf695724a8f91388054e51f7e4f","private_identification_id":"f0bea040a1aa40b88f3bc63067bea393","_links":{"self":[{"href":"https:\/\/jayjayma.de\/en\/wp-json\/wp\/v2\/posts\/4105","targetHints":{"allow":["GET"]}}],"collection":[{"href":"https:\/\/jayjayma.de\/en\/wp-json\/wp\/v2\/posts"}],"about":[{"href":"https:\/\/jayjayma.de\/en\/wp-json\/wp\/v2\/types\/post"}],"author":[{"embeddable":true,"href":"https:\/\/jayjayma.de\/en\/wp-json\/wp\/v2\/users\/1"}],"replies":[{"embeddable":true,"href":"https:\/\/jayjayma.de\/en\/wp-json\/wp\/v2\/comments?post=4105"}],"version-history":[{"count":10,"href":"https:\/\/jayjayma.de\/en\/wp-json\/wp\/v2\/posts\/4105\/revisions"}],"predecessor-version":[{"id":4235,"href":"https:\/\/jayjayma.de\/en\/wp-json\/wp\/v2\/posts\/4105\/revisions\/4235"}],"wp:featuredmedia":[{"embeddable":true,"href":"https:\/\/jayjayma.de\/en\/wp-json\/wp\/v2\/media\/4107"}],"wp:attachment":[{"href":"https:\/\/jayjayma.de\/en\/wp-json\/wp\/v2\/media?parent=4105"}],"wp:term":[{"taxonomy":"category","embeddable":true,"href":"https:\/\/jayjayma.de\/en\/wp-json\/wp\/v2\/categories?post=4105"},{"taxonomy":"post_tag","embeddable":true,"href":"https:\/\/jayjayma.de\/en\/wp-json\/wp\/v2\/tags?post=4105"}],"curies":[{"name":"wp","href":"https:\/\/api.w.org\/{rel}","templated":true}]}}